{"id":1575,"date":"2016-04-18T14:13:09","date_gmt":"2016-04-18T14:13:09","guid":{"rendered":"https:\/\/samhealth.org\/samhealthplans\/?p=1575"},"modified":"2023-07-24T19:26:36","modified_gmt":"2023-07-24T19:26:36","slug":"reducir-la-brecha-entre-la-atencion-primaria-y-la-atencion-de-salud-bucodental","status":"publish","type":"post","link":"https:\/\/samhealthplans.org\/es\/news\/bridging-the-gap-between-primary-and-oral-health-care\/","title":{"rendered":"Reducir la brecha entre la atenci\u00f3n primaria y la atenci\u00f3n de salud bucal"},"content":{"rendered":"<article class=\"article\">\n\t<header class=\"header\">\n\t\t<span class=\"type\"><\/span>\t\t<h1>Reducir la brecha entre la atenci\u00f3n primaria y la atenci\u00f3n de salud bucal<\/h1>\t\t<time>18 de abril de 2016<\/time>\n\t<\/header>\n\t<div id=\"block_5b72d0ac397e274e63c1f8db4f38fcce\" class=\"shs-block block-news-article entry-content\">\n\t\t<div>\n\t\t\t\t\t\t<div class=\"acf-innerblocks-container\">\n\n<p>La transformaci\u00f3n de la atenci\u00f3n m\u00e9dica en nuestra regi\u00f3n incluir\u00e1 una mayor colaboraci\u00f3n entre los proveedores de atenci\u00f3n primaria y de salud bucal. Si bien no existe un consenso nacional sobre c\u00f3mo debe ser la integraci\u00f3n m\u00e9dica y dental, reconocemos que ambas son una parte importante para satisfacer las necesidades de atenci\u00f3n m\u00e9dica de nuestros miembros. Seg\u00fan el programa de vigilancia de la salud bucal Oregon, solo entre el 28 y el 34 por ciento de los miembros del plan de salud Oregon utilizaron sus beneficios dentales en 2014. Seg\u00fan los datos recopilados por la Organizaci\u00f3n de Atenci\u00f3n Coordinada de la Red de Salud Intercomunitaria (IHN-CCO), esto se debe en gran medida a la falta de conocimiento sobre la cobertura dental.<\/p>\n\n\n\n<p>En la actualidad, m\u00e1s del 50 por ciento de los ni\u00f1os de 6 a 9 a\u00f1os de la regi\u00f3n de los condados Benton, Lincoln y Linn han sido diagnosticados con caries. Esto es resultado de la subutilizaci\u00f3n de los servicios dentales preventivos, la falta de educaci\u00f3n en salud bucal y la higiene bucal inadecuada en el hogar. El porcentaje aumenta una vez que los ni\u00f1os llegan a la adolescencia hasta casi el 80 por ciento.<\/p>\n\n\n\n<p>Si bien los servicios dentales son dr\u00e1sticamente subutilizados por los miembros de IHN-CCO, otros datos sugieren que m\u00e1s del 50 por ciento de los miembros de IHN-CCO visitaron su cl\u00ednica de atenci\u00f3n primaria en 2014. Esto presenta una oportunidad natural para la educaci\u00f3n dental y la integraci\u00f3n dentro de las cl\u00ednicas de atenci\u00f3n primaria, incluidos servicios como derivaciones dentales y tratamientos preventivos de salud bucal.<\/p>\n\n\n\n<p>Durante los pr\u00f3ximos seis meses, analizaremos las oportunidades que tienen las cl\u00ednicas de atenci\u00f3n primaria para integrar y coordinar los servicios odontol\u00f3gicos, y las estrategias para reducir la brecha entre los sistemas m\u00e9dicos y odontol\u00f3gicos. Los pr\u00f3ximos art\u00edculos incluyen:<\/p>\n\n\n\n<ul class=\"wp-block-list\">\n<li>Mayo: El v\u00ednculo entre la salud bucal y las enfermedades sist\u00e9micas<\/li>\n\n\n\n<li>Junio: Programa del primer diente<\/li>\n\n\n\n<li>Julio: Programa Sonrisas para la Vida&nbsp;<\/li>\n\n\n\n<li>Agosto: Higienista dental de pr\u00e1ctica ampliada en coubicaci\u00f3n (EPDH)&nbsp;<\/li>\n\n\n\n<li>Septiembre: Sistema de detecci\u00f3n y derivaci\u00f3n dental<\/li>\n<\/ul>\n\n\n\n<p>Para obtener m\u00e1s informaci\u00f3n sobre la integraci\u00f3n de programas y servicios de salud bucal en su cl\u00ednica, por favor&nbsp;<a href=\"https:\/\/samhealthplans.org\/es\/comuniquese-con-los-planes-de-salud-de-samaritan\/\">Cont\u00e1ctenos<\/a>&nbsp;y h\u00e1ganos saber que le gustar\u00eda estar conectado con uno de nuestros coordinadores dentales.<\/p>\n\n<\/div>\n\t\t<\/div>\n\t\t<aside>\n\t\t\t\t\t\t\t\t\t<figure><img loading=\"lazy\" decoding=\"async\" width=\"360\" height=\"300\" src=\"https:\/\/samhealthplans.org\/wp-content\/uploads\/sites\/3\/2023\/06\/Smiling-girl-with-braids-News.jpg\" class=\"attachment-cta size-cta wp-post-image\" alt=\"Chicas sonrientes con trenzas.\" srcset=\"https:\/\/samhealthplans.org\/wp-content\/uploads\/sites\/3\/2023\/06\/Smiling-girl-with-braids-News.jpg 360w, https:\/\/samhealthplans.org\/wp-content\/uploads\/sites\/3\/2023\/06\/Smiling-girl-with-braids-News-300x250.jpg 300w, https:\/\/samhealthplans.org\/wp-content\/uploads\/sites\/3\/2023\/06\/Smiling-girl-with-braids-News-120x100.jpg 120w\" sizes=\"auto, (max-width: 360px) 100vw, 360px\" \/><\/figure>\t\t<\/aside>\n\t<\/div>\n<\/article>","protected":false},"excerpt":{"rendered":"<p>La transformaci\u00f3n de la atenci\u00f3n sanitaria en nuestra regi\u00f3n incluir\u00e1 una mayor colaboraci\u00f3n entre los proveedores de atenci\u00f3n primaria y de salud bucal.<\/p>","protected":false},"author":16,"featured_media":1406,"comment_status":"closed","ping_status":"closed","sticky":false,"template":"","format":"standard","meta":{"_acf_changed":false,"_searchwp_excluded":"","_shs_workflow_notes":"","_shs_exclude_from_navigation":false,"_shs_promote_article_on_blogs":"","footnotes":""},"categories":[1],"tags":[],"news-topics":[89],"news-types":[87],"services":[78],"specialty":[],"class_list":["post-1575","post","type-post","status-publish","format-standard","has-post-thumbnail","hentry","category-uncategorized","news-topics-news","news-types-provider","services-providers"],"acf":[],"_links":{"self":[{"href":"https:\/\/samhealthplans.org\/es\/wp-json\/wp\/v2\/posts\/1575","targetHints":{"allow":["GET"]}}],"collection":[{"href":"https:\/\/samhealthplans.org\/es\/wp-json\/wp\/v2\/posts"}],"about":[{"href":"https:\/\/samhealthplans.org\/es\/wp-json\/wp\/v2\/types\/post"}],"author":[{"embeddable":true,"href":"https:\/\/samhealthplans.org\/es\/wp-json\/wp\/v2\/users\/16"}],"replies":[{"embeddable":true,"href":"https:\/\/samhealthplans.org\/es\/wp-json\/wp\/v2\/comments?post=1575"}],"version-history":[{"count":0,"href":"https:\/\/samhealthplans.org\/es\/wp-json\/wp\/v2\/posts\/1575\/revisions"}],"wp:featuredmedia":[{"embeddable":true,"href":"https:\/\/samhealthplans.org\/es\/wp-json\/wp\/v2\/media\/1406"}],"wp:attachment":[{"href":"https:\/\/samhealthplans.org\/es\/wp-json\/wp\/v2\/media?parent=1575"}],"wp:term":[{"taxonomy":"category","embeddable":true,"href":"https:\/\/samhealthplans.org\/es\/wp-json\/wp\/v2\/categories?post=1575"},{"taxonomy":"post_tag","embeddable":true,"href":"https:\/\/samhealthplans.org\/es\/wp-json\/wp\/v2\/tags?post=1575"},{"taxonomy":"news-topics","embeddable":true,"href":"https:\/\/samhealthplans.org\/es\/wp-json\/wp\/v2\/news-topics?post=1575"},{"taxonomy":"news-types","embeddable":true,"href":"https:\/\/samhealthplans.org\/es\/wp-json\/wp\/v2\/news-types?post=1575"},{"taxonomy":"services","embeddable":true,"href":"https:\/\/samhealthplans.org\/es\/wp-json\/wp\/v2\/services?post=1575"},{"taxonomy":"specialty","embeddable":true,"href":"https:\/\/samhealthplans.org\/es\/wp-json\/wp\/v2\/specialty?post=1575"}],"curies":[{"name":"Gracias","href":"https:\/\/api.w.org\/{rel}","templated":true}]}}