{"id":1600,"date":"2016-06-10T14:13:12","date_gmt":"2016-06-10T14:13:12","guid":{"rendered":"https:\/\/samhealth.org\/samhealthplans\/?p=1600"},"modified":"2023-07-24T19:26:11","modified_gmt":"2023-07-24T19:26:11","slug":"integrando-la-salud-bucal-y-fisica-parte-2","status":"publish","type":"post","link":"https:\/\/samhealthplans.org\/es\/news\/integrating-oral-and-physical-health-part-2\/","title":{"rendered":"Integraci\u00f3n de la salud bucal y f\u00edsica: Parte 2"},"content":{"rendered":"<article class=\"article\">\n\t<header class=\"header\">\n\t\t<span class=\"type\"><\/span>\t\t<h1>Integraci\u00f3n de la salud bucal y f\u00edsica: Parte 2<\/h1>\t\t<time>10 de junio de 2016<\/time>\n\t<\/header>\n\t<div id=\"\" class=\"shs-block block-news-article entry-content\">\n\t\t<div>\n\t\t\t\t\t\t<div class=\"acf-innerblocks-container\">\n\n<p><span style=\"font-size: 12pt\">Seg\u00fan el Marco Estrat\u00e9gico de Salud Bucal 2014-2017 del Departamento de Salud y Servicios Humanos de los Estados Unidos, \u201cla salud y el bienestar general est\u00e1n inextricablemente vinculados a la salud bucodental: es imposible tener uno sin el otro. Los efectos de las enfermedades bucodentales en la salud general son alarmantes. Las enfermedades bucodentales tienen un impacto en la salud y el bienestar f\u00edsico, psicol\u00f3gico, social y econ\u00f3mico, y a menudo resultan en dolor, disminuci\u00f3n de la funci\u00f3n y reducci\u00f3n de la calidad de vida\u201d.<\/span><\/p>\n\n\n\n<p><span style=\"font-size: 12pt\">Debido a este v\u00ednculo, mantener una boca sana no termina en el consultorio del dentista. Requiere un esfuerzo continuo y diario, pero a pesar de los mejores esfuerzos de una persona, ciertas afecciones m\u00e9dicas pueden tener efectos adversos directos o indirectos en la salud bucal. Seg\u00fan la Cl\u00ednica Mayo:<\/span><\/p>\n\n\n\n<ul class=\"wp-block-list\">\n<li><strong><span style=\"font-size: 12pt\">La salud bucal puede contribuir a diversas enfermedades y afecciones.<\/span><\/strong>\n<ul class=\"wp-block-list\">\n<li><strong><span style=\"font-size: 12pt\">Endocarditis:<\/span><\/strong><span style=\"font-size: 12pt\"> La endocarditis es una infecci\u00f3n del revestimiento interno del coraz\u00f3n de una persona. La endocarditis generalmente ocurre cuando bacterias u otros g\u00e9rmenes de otra parte del cuerpo de una persona, como la boca, se propagan a trav\u00e9s del torrente sangu\u00edneo y se adhieren a \u00e1reas da\u00f1adas del coraz\u00f3n.<\/span><\/li>\n\n\n\n<li><strong><span style=\"font-size: 12pt\">Enfermedad cardiovascular:<\/span><\/strong><span style=\"font-size: 12pt\"> Algunas investigaciones sugieren que las enfermedades card\u00edacas, las arterias obstruidas y los accidentes cerebrovasculares podr\u00edan estar relacionados con la inflamaci\u00f3n y las infecciones que pueden causar las bacterias bucales. <\/span><\/li>\n\n\n\n<li><strong><span style=\"font-size: 12pt\">Embarazo y parto<\/span><\/strong><span style=\"font-size: 12pt\">:La periodontitis se ha relacionado con el nacimiento prematuro y el bajo peso al nacer. <\/span> <\/li>\n<\/ul>\n<\/li>\n\n\n\n<li><strong><span style=\"font-size: 12pt\">Ciertas condiciones tambi\u00e9n pueden afectar la salud bucal. <\/span><\/strong>\n<ul class=\"wp-block-list\">\n<li><strong><span style=\"font-size: 12pt\">Diabetes:<\/span><\/strong><span style=\"font-size: 12pt\"> La diabetes reduce la resistencia del organismo a las infecciones, lo que pone en riesgo las enc\u00edas. La enfermedad de las enc\u00edas parece ser m\u00e1s frecuente y grave entre las personas que padecen diabetes. Las investigaciones muestran que las personas que padecen enfermedad de las enc\u00edas tienen m\u00e1s dificultades para controlar sus niveles de az\u00facar en sangre y que el cuidado periodontal regular puede mejorar el control de la diabetes. <\/span><\/li>\n\n\n\n<li><strong><span style=\"font-size: 12pt\">VIH\/SIDA:<\/span><\/strong><span style=\"font-size: 12pt\"> Los problemas bucales, como lesiones dolorosas en las mucosas, son comunes en personas que tienen VIH\/SIDA.<\/span><\/li>\n\n\n\n<li><strong><span style=\"font-size: 12pt\">Osteoporosis:<\/span><\/strong><span style=\"font-size: 12pt\"> La osteoporosis puede estar relacionada con la p\u00e9rdida de hueso periodontal y de dientes. Los medicamentos que se utilizan para tratar la osteoporosis conllevan un peque\u00f1o riesgo de da\u00f1ar los huesos de la mand\u00edbula. <\/span><\/li>\n\n\n\n<li><strong><span style=\"font-size: 12pt\">Enfermedad de Alzheimer:<\/span><\/strong><span style=\"font-size: 12pt\"> Se observa un empeoramiento de la salud bucal a medida que avanza la enfermedad de Alzheimer. <\/span><\/li>\n<\/ul>\n<\/li>\n<\/ul>\n\n\n\n<p><span style=\"font-size: 12pt\">El pr\u00f3ximo mes, presentaremos el programa First Tooth de Oregon, en el que seguiremos explorando c\u00f3mo se relacionan la salud bucal y f\u00edsica y las oportunidades que tienen las cl\u00ednicas de atenci\u00f3n primaria para integrar y coordinar los servicios dentales. Para obtener m\u00e1s informaci\u00f3n sobre la integraci\u00f3n de programas y servicios de salud bucal en su cl\u00ednica, comun\u00edquese con nosotros y d\u00edganos si le gustar\u00eda que lo conectemos con uno de nuestros coordinadores dentales.\u00a0<\/span><\/p>\n\n<\/div>\n\t\t<\/div>\n\t\t<aside>\n\t\t\t\t\t\t\t\t\t<figure><img loading=\"lazy\" decoding=\"async\" width=\"360\" height=\"300\" src=\"https:\/\/samhealthplans.org\/wp-content\/uploads\/sites\/3\/2023\/06\/Doctor-with-toothbrushes-News.jpg\" class=\"attachment-cta size-cta wp-post-image\" alt=\"M\u00e9dico masculino sonriente sosteniendo tres cepillos de dientes\" srcset=\"https:\/\/samhealthplans.org\/wp-content\/uploads\/sites\/3\/2023\/06\/Doctor-with-toothbrushes-News.jpg 360w, https:\/\/samhealthplans.org\/wp-content\/uploads\/sites\/3\/2023\/06\/Doctor-with-toothbrushes-News-300x250.jpg 300w, https:\/\/samhealthplans.org\/wp-content\/uploads\/sites\/3\/2023\/06\/Doctor-with-toothbrushes-News-120x100.jpg 120w\" sizes=\"auto, (max-width: 360px) 100vw, 360px\" \/><\/figure>\t\t<\/aside>\n\t<\/div>\n<\/article>","protected":false},"excerpt":{"rendered":"<p>Las enfermedades bucales tienen un impacto en la salud y el bienestar f\u00edsico, psicol\u00f3gico, social y econ\u00f3mico.<\/p>","protected":false},"author":16,"featured_media":1360,"comment_status":"closed","ping_status":"closed","sticky":false,"template":"","format":"standard","meta":{"_acf_changed":false,"_searchwp_excluded":"","_shs_workflow_notes":"","_shs_exclude_from_navigation":false,"_shs_promote_article_on_blogs":"","footnotes":""},"categories":[1],"tags":[],"news-topics":[89],"news-types":[87],"services":[78],"specialty":[],"class_list":["post-1600","post","type-post","status-publish","format-standard","has-post-thumbnail","hentry","category-uncategorized","news-topics-news","news-types-provider","services-providers"],"acf":[],"_links":{"self":[{"href":"https:\/\/samhealthplans.org\/es\/wp-json\/wp\/v2\/posts\/1600","targetHints":{"allow":["GET"]}}],"collection":[{"href":"https:\/\/samhealthplans.org\/es\/wp-json\/wp\/v2\/posts"}],"about":[{"href":"https:\/\/samhealthplans.org\/es\/wp-json\/wp\/v2\/types\/post"}],"author":[{"embeddable":true,"href":"https:\/\/samhealthplans.org\/es\/wp-json\/wp\/v2\/users\/16"}],"replies":[{"embeddable":true,"href":"https:\/\/samhealthplans.org\/es\/wp-json\/wp\/v2\/comments?post=1600"}],"version-history":[{"count":0,"href":"https:\/\/samhealthplans.org\/es\/wp-json\/wp\/v2\/posts\/1600\/revisions"}],"wp:featuredmedia":[{"embeddable":true,"href":"https:\/\/samhealthplans.org\/es\/wp-json\/wp\/v2\/media\/1360"}],"wp:attachment":[{"href":"https:\/\/samhealthplans.org\/es\/wp-json\/wp\/v2\/media?parent=1600"}],"wp:term":[{"taxonomy":"category","embeddable":true,"href":"https:\/\/samhealthplans.org\/es\/wp-json\/wp\/v2\/categories?post=1600"},{"taxonomy":"post_tag","embeddable":true,"href":"https:\/\/samhealthplans.org\/es\/wp-json\/wp\/v2\/tags?post=1600"},{"taxonomy":"news-topics","embeddable":true,"href":"https:\/\/samhealthplans.org\/es\/wp-json\/wp\/v2\/news-topics?post=1600"},{"taxonomy":"news-types","embeddable":true,"href":"https:\/\/samhealthplans.org\/es\/wp-json\/wp\/v2\/news-types?post=1600"},{"taxonomy":"services","embeddable":true,"href":"https:\/\/samhealthplans.org\/es\/wp-json\/wp\/v2\/services?post=1600"},{"taxonomy":"specialty","embeddable":true,"href":"https:\/\/samhealthplans.org\/es\/wp-json\/wp\/v2\/specialty?post=1600"}],"curies":[{"name":"Gracias","href":"https:\/\/api.w.org\/{rel}","templated":true}]}}